{"id":3673,"date":"2025-02-05T15:03:23","date_gmt":"2025-02-05T14:03:23","guid":{"rendered":"https:\/\/www.commandstrategy.com\/?p=3673"},"modified":"2025-02-05T15:03:23","modified_gmt":"2025-02-05T14:03:23","slug":"private-equity-et-covid-19-en-europe","status":"publish","type":"post","link":"https:\/\/www.commandstrategy.com\/fr\/private-equity-et-covid-19-en-europe\/","title":{"rendered":"Private Equity et Covid-19 en Europe"},"content":{"rendered":"<div class=\"wpb-content-wrapper\">[vc_row thb_column_padding=\u00a0\u00bbtrue\u00a0\u00bb thb_divider_position=\u00a0\u00bbbottom\u00a0\u00bb css=\u00a0\u00bb.vc_custom_1738156138811{margin-top: 0% !important;margin-bottom: 0% !important;border-top-width: 0% !important;border-bottom-width: 0% !important;padding-top: 0% !important;padding-bottom: 0% !important;}\u00a0\u00bb][vc_column css=\u00a0\u00bb.vc_custom_1738158304777{margin-bottom: 0% !important;border-bottom-width: 0% !important;padding-bottom: 0% !important;}\u00a0\u00bb][vc_column_text css=\u00a0\u00bb.vc_custom_1738763555879{margin-top: 0% !important;margin-bottom: 0% !important;border-top-width: 0% !important;border-bottom-width: 0% !important;padding-bottom: 0% !important;}\u00a0\u00bb]\n<div class=\"fusion-text fusion-text-1\">\n<p class=\"fusion-responsive-typography-calculated\" data-fontsize=\"18\" data-lineheight=\"25.2px\"><span style=\"color: #44546a;\"><strong data-fusion-font=\"true\">Private Equity et Covid-19 : entre cons\u00e9quences et opportunit\u00e9s.<\/strong><\/span><\/p>\n<h3 class=\"fusion-responsive-typography-calculated\" data-fontsize=\"30\" data-lineheight=\"42px\"><\/h3>\n<\/div>\n[\/vc_column_text][vc_separator color=\u00a0\u00bbcustom\u00a0\u00bb align=\u00a0\u00bbalign_left\u00a0\u00bb el_width=\u00a0\u00bb10&Prime; accent_color=\u00a0\u00bb#ed9107&Prime; css=\u00a0\u00bb.vc_custom_1738158459761{margin-top: 2% !important;margin-bottom: 2% !important;}\u00a0\u00bb][\/vc_column][\/vc_row][vc_row full_height=\u00a0\u00bbyes\u00a0\u00bb columns_placement=\u00a0\u00bbtop\u00a0\u00bb content_placement=\u00a0\u00bbtop\u00a0\u00bb thb_divider_position=\u00a0\u00bbbottom\u00a0\u00bb css=\u00a0\u00bb.vc_custom_1738764179198{margin-top: 2% !important;}\u00a0\u00bb][vc_column css=\u00a0\u00bb.vc_custom_1738157886669{margin-top: 0% !important;border-top-width: 0% !important;padding-top: 0% !important;}\u00a0\u00bb offset=\u00a0\u00bbvc_col-lg-offset-0 vc_col-md-offset-0 vc_col-sm-offset-0&Prime;][vc_single_image image=\u00a0\u00bb3675&Prime; img_size=\u00a0\u00bblarge\u00a0\u00bb alignment=\u00a0\u00bbcenter\u00a0\u00bb][vc_column_text css=\u00a0\u00bb.vc_custom_1738764049073{margin-top: 0% !important;border-top-width: 0% !important;padding-top: 0% !important;}\u00a0\u00bb]\n<p style=\"text-align: center;\">Apr\u00e8s un an de pand\u00e9mie, les march\u00e9s financiers semblent avoir retrouv\u00e9 leurs niveaux d\u2019antan, pour autant qu\u2019en est il de l\u2019\u00e9conomie r\u00e9elle en Europe ?<\/p>\n<p style=\"text-align: center;\">D\u00e9couvrez notre article sur le sujet !<\/p>\n[\/vc_column_text][\/vc_column][\/vc_row][vc_row thb_divider_position=\u00a0\u00bbbottom\u00a0\u00bb][vc_column][vc_btn title=\u00a0\u00bbT\u00e9l\u00e9charger l&rsquo;article\u00a0\u00bb style=\u00a0\u00bbclassic\u00a0\u00bb shape=\u00a0\u00bbsquare\u00a0\u00bb color=\u00a0\u00bbblack\u00a0\u00bb align=\u00a0\u00bbcenter\u00a0\u00bb link=\u00a0\u00bburl:https%3A%2F%2Fqominodev.com%2Fcmds%2Fwp-content%2Fuploads%2F2025%2F02%2FPrivate-Equity-Covid-19-en-Europe.pdf|target:_blank\u00a0\u00bb][\/vc_column][\/vc_row][vc_row thb_divider_position=\u00a0\u00bbbottom\u00a0\u00bb][vc_column][\/vc_column][\/vc_row]\n<\/div>","protected":false},"excerpt":{"rendered":"<p>[vc_row thb_column_padding=\u00a0\u00bbtrue\u00a0\u00bb thb_divider_position=\u00a0\u00bbbottom\u00a0\u00bb css=\u00a0\u00bb.vc_custom_1738156138811{margin-top: 0% !important;margin-bottom: 0% !important;border-top-width: 0% !important;border-bottom-width: 0% !important;padding-top: 0% !important;padding-bottom: 0% !important;}\u00a0\u00bb][vc_column css=\u00a0\u00bb.vc_custom_1738158304777{margin-bottom: 0% !important;border-bottom-width: 0% !important;padding-bottom: 0% !important;}\u00a0\u00bb][vc_column_text css=\u00a0\u00bb.vc_custom_1738763555879{margin-top: 0%&hellip;<\/p>\n","protected":false},"author":2,"featured_media":3674,"comment_status":"closed","ping_status":"closed","sticky":false,"template":"","format":"standard","meta":{"ub_ctt_via":"","footnotes":""},"categories":[1],"tags":[],"class_list":["post-3673","post","type-post","status-publish","format-standard","has-post-thumbnail","hentry","category-non-categorise"],"featured_image_src":"https:\/\/www.commandstrategy.com\/wp-content\/uploads\/2025\/02\/adobestock-329216075-e1587140052499-380x281-1.jpeg","author_info":{"display_name":"Tidia YETTOU","author_link":"https:\/\/www.commandstrategy.com\/fr\/author\/cmds\/"},"yoast_head":"<!-- This site is optimized with the Yoast SEO plugin v25.2 - https:\/\/yoast.com\/wordpress\/plugins\/seo\/ -->\n<title>Private Equity et Covid-19 en Europe<\/title>\n<meta name=\"robots\" content=\"index, follow, max-snippet:-1, max-image-preview:large, max-video-preview:-1\" \/>\n<link rel=\"canonical\" href=\"https:\/\/www.commandstrategy.com\/fr\/private-equity-et-covid-19-en-europe\/\" \/>\n<meta property=\"og:locale\" content=\"fr_FR\" \/>\n<meta property=\"og:type\" content=\"article\" \/>\n<meta property=\"og:title\" content=\"Private Equity et Covid-19 en Europe\" \/>\n<meta property=\"og:description\" content=\"[vc_row thb_column_padding=\u00a0\u00bbtrue\u00a0\u00bb thb_divider_position=\u00a0\u00bbbottom\u00a0\u00bb css=\u00a0\u00bb.vc_custom_1738156138811{margin-top: 0% !important;margin-bottom: 0% !important;border-top-width: 0% !important;border-bottom-width: 0% !important;padding-top: 0% !important;padding-bottom: 0% !important;}\u00a0\u00bb][vc_column css=\u00a0\u00bb.vc_custom_1738158304777{margin-bottom: 0% !important;border-bottom-width: 0% !important;padding-bottom: 0% !important;}\u00a0\u00bb][vc_column_text css=\u00a0\u00bb.vc_custom_1738763555879{margin-top: 0%&hellip;\" \/>\n<meta property=\"og:url\" content=\"https:\/\/www.commandstrategy.com\/fr\/private-equity-et-covid-19-en-europe\/\" \/>\n<meta property=\"og:site_name\" content=\"Command Strategy\" \/>\n<meta property=\"article:published_time\" content=\"2025-02-05T14:03:23+00:00\" \/>\n<meta property=\"og:image\" content=\"https:\/\/www.commandstrategy.com\/wp-content\/uploads\/2025\/02\/adobestock-329216075-e1587140052499-380x281-1.jpeg\" \/>\n\t<meta property=\"og:image:width\" content=\"380\" \/>\n\t<meta property=\"og:image:height\" content=\"281\" \/>\n\t<meta property=\"og:image:type\" content=\"image\/jpeg\" \/>\n<meta name=\"author\" content=\"Tidia YETTOU\" \/>\n<meta name=\"twitter:card\" content=\"summary_large_image\" \/>\n<meta name=\"twitter:label1\" content=\"\u00c9crit par\" \/>\n\t<meta name=\"twitter:data1\" content=\"Tidia YETTOU\" \/>\n\t<meta name=\"twitter:label2\" content=\"Dur\u00e9e de lecture estim\u00e9e\" \/>\n\t<meta name=\"twitter:data2\" content=\"2 minutes\" \/>\n<script type=\"application\/ld+json\" class=\"yoast-schema-graph\">{\"@context\":\"https:\/\/schema.org\",\"@graph\":[{\"@type\":\"Article\",\"@id\":\"https:\/\/www.commandstrategy.com\/fr\/private-equity-et-covid-19-en-europe\/#article\",\"isPartOf\":{\"@id\":\"https:\/\/www.commandstrategy.com\/fr\/private-equity-et-covid-19-en-europe\/\"},\"author\":{\"name\":\"Tidia YETTOU\",\"@id\":\"https:\/\/www.commandstrategy.com\/fr\/#\/schema\/person\/5dbd1656e88af114296e65484885d53c\"},\"headline\":\"Private Equity et Covid-19 en Europe\",\"datePublished\":\"2025-02-05T14:03:23+00:00\",\"mainEntityOfPage\":{\"@id\":\"https:\/\/www.commandstrategy.com\/fr\/private-equity-et-covid-19-en-europe\/\"},\"wordCount\":254,\"publisher\":{\"@id\":\"https:\/\/www.commandstrategy.com\/fr\/#organization\"},\"image\":{\"@id\":\"https:\/\/www.commandstrategy.com\/fr\/private-equity-et-covid-19-en-europe\/#primaryimage\"},\"thumbnailUrl\":\"https:\/\/www.commandstrategy.com\/wp-content\/uploads\/2025\/02\/adobestock-329216075-e1587140052499-380x281-1.jpeg\",\"articleSection\":[\"Non cat\u00e9goris\u00e9\"],\"inLanguage\":\"fr-FR\"},{\"@type\":\"WebPage\",\"@id\":\"https:\/\/www.commandstrategy.com\/fr\/private-equity-et-covid-19-en-europe\/\",\"url\":\"https:\/\/www.commandstrategy.com\/fr\/private-equity-et-covid-19-en-europe\/\",\"name\":\"Private Equity et Covid-19 en Europe\",\"isPartOf\":{\"@id\":\"https:\/\/www.commandstrategy.com\/fr\/#website\"},\"primaryImageOfPage\":{\"@id\":\"https:\/\/www.commandstrategy.com\/fr\/private-equity-et-covid-19-en-europe\/#primaryimage\"},\"image\":{\"@id\":\"https:\/\/www.commandstrategy.com\/fr\/private-equity-et-covid-19-en-europe\/#primaryimage\"},\"thumbnailUrl\":\"https:\/\/www.commandstrategy.com\/wp-content\/uploads\/2025\/02\/adobestock-329216075-e1587140052499-380x281-1.jpeg\",\"datePublished\":\"2025-02-05T14:03:23+00:00\",\"breadcrumb\":{\"@id\":\"https:\/\/www.commandstrategy.com\/fr\/private-equity-et-covid-19-en-europe\/#breadcrumb\"},\"inLanguage\":\"fr-FR\",\"potentialAction\":[{\"@type\":\"ReadAction\",\"target\":[\"https:\/\/www.commandstrategy.com\/fr\/private-equity-et-covid-19-en-europe\/\"]}]},{\"@type\":\"ImageObject\",\"inLanguage\":\"fr-FR\",\"@id\":\"https:\/\/www.commandstrategy.com\/fr\/private-equity-et-covid-19-en-europe\/#primaryimage\",\"url\":\"https:\/\/www.commandstrategy.com\/wp-content\/uploads\/2025\/02\/adobestock-329216075-e1587140052499-380x281-1.jpeg\",\"contentUrl\":\"https:\/\/www.commandstrategy.com\/wp-content\/uploads\/2025\/02\/adobestock-329216075-e1587140052499-380x281-1.jpeg\",\"width\":380,\"height\":281},{\"@type\":\"BreadcrumbList\",\"@id\":\"https:\/\/www.commandstrategy.com\/fr\/private-equity-et-covid-19-en-europe\/#breadcrumb\",\"itemListElement\":[{\"@type\":\"ListItem\",\"position\":1,\"name\":\"Accueil\",\"item\":\"https:\/\/www.commandstrategy.com\/fr\/\"},{\"@type\":\"ListItem\",\"position\":2,\"name\":\"Private Equity et Covid-19 en Europe\"}]},{\"@type\":\"WebSite\",\"@id\":\"https:\/\/www.commandstrategy.com\/fr\/#website\",\"url\":\"https:\/\/www.commandstrategy.com\/fr\/\",\"name\":\"Command Strategy\",\"description\":\"\",\"publisher\":{\"@id\":\"https:\/\/www.commandstrategy.com\/fr\/#organization\"},\"potentialAction\":[{\"@type\":\"SearchAction\",\"target\":{\"@type\":\"EntryPoint\",\"urlTemplate\":\"https:\/\/www.commandstrategy.com\/fr\/?s={search_term_string}\"},\"query-input\":{\"@type\":\"PropertyValueSpecification\",\"valueRequired\":true,\"valueName\":\"search_term_string\"}}],\"inLanguage\":\"fr-FR\"},{\"@type\":\"Organization\",\"@id\":\"https:\/\/www.commandstrategy.com\/fr\/#organization\",\"name\":\"Command Strategy\",\"url\":\"https:\/\/www.commandstrategy.com\/fr\/\",\"logo\":{\"@type\":\"ImageObject\",\"inLanguage\":\"fr-FR\",\"@id\":\"https:\/\/www.commandstrategy.com\/fr\/#\/schema\/logo\/image\/\",\"url\":\"https:\/\/www.commandstrategy.com\/wp-content\/uploads\/2023\/10\/LogoCommandStrategy_Orange-1.jpg\",\"contentUrl\":\"https:\/\/www.commandstrategy.com\/wp-content\/uploads\/2023\/10\/LogoCommandStrategy_Orange-1.jpg\",\"width\":964,\"height\":458,\"caption\":\"Command Strategy\"},\"image\":{\"@id\":\"https:\/\/www.commandstrategy.com\/fr\/#\/schema\/logo\/image\/\"}},{\"@type\":\"Person\",\"@id\":\"https:\/\/www.commandstrategy.com\/fr\/#\/schema\/person\/5dbd1656e88af114296e65484885d53c\",\"name\":\"Tidia YETTOU\",\"image\":{\"@type\":\"ImageObject\",\"inLanguage\":\"fr-FR\",\"@id\":\"https:\/\/www.commandstrategy.com\/fr\/#\/schema\/person\/image\/\",\"url\":\"https:\/\/secure.gravatar.com\/avatar\/1a7b17ef3b6192517a63690214027f59e57ed1b540e3b225cbd1dc2e86dcca12?s=96&d=mm&r=g\",\"contentUrl\":\"https:\/\/secure.gravatar.com\/avatar\/1a7b17ef3b6192517a63690214027f59e57ed1b540e3b225cbd1dc2e86dcca12?s=96&d=mm&r=g\",\"caption\":\"Tidia YETTOU\"},\"url\":\"https:\/\/www.commandstrategy.com\/fr\/author\/cmds\/\"}]}<\/script>\n<!-- \/ Yoast SEO plugin. -->","yoast_head_json":{"title":"Private Equity et Covid-19 en Europe","robots":{"index":"index","follow":"follow","max-snippet":"max-snippet:-1","max-image-preview":"max-image-preview:large","max-video-preview":"max-video-preview:-1"},"canonical":"https:\/\/www.commandstrategy.com\/fr\/private-equity-et-covid-19-en-europe\/","og_locale":"fr_FR","og_type":"article","og_title":"Private Equity et Covid-19 en Europe","og_description":"[vc_row thb_column_padding=\u00a0\u00bbtrue\u00a0\u00bb thb_divider_position=\u00a0\u00bbbottom\u00a0\u00bb css=\u00a0\u00bb.vc_custom_1738156138811{margin-top: 0% !important;margin-bottom: 0% !important;border-top-width: 0% !important;border-bottom-width: 0% !important;padding-top: 0% !important;padding-bottom: 0% !important;}\u00a0\u00bb][vc_column css=\u00a0\u00bb.vc_custom_1738158304777{margin-bottom: 0% !important;border-bottom-width: 0% !important;padding-bottom: 0% !important;}\u00a0\u00bb][vc_column_text css=\u00a0\u00bb.vc_custom_1738763555879{margin-top: 0%&hellip;","og_url":"https:\/\/www.commandstrategy.com\/fr\/private-equity-et-covid-19-en-europe\/","og_site_name":"Command Strategy","article_published_time":"2025-02-05T14:03:23+00:00","og_image":[{"width":380,"height":281,"url":"https:\/\/www.commandstrategy.com\/wp-content\/uploads\/2025\/02\/adobestock-329216075-e1587140052499-380x281-1.jpeg","type":"image\/jpeg"}],"author":"Tidia YETTOU","twitter_card":"summary_large_image","twitter_misc":{"\u00c9crit par":"Tidia YETTOU","Dur\u00e9e de lecture estim\u00e9e":"2 minutes"},"schema":{"@context":"https:\/\/schema.org","@graph":[{"@type":"Article","@id":"https:\/\/www.commandstrategy.com\/fr\/private-equity-et-covid-19-en-europe\/#article","isPartOf":{"@id":"https:\/\/www.commandstrategy.com\/fr\/private-equity-et-covid-19-en-europe\/"},"author":{"name":"Tidia YETTOU","@id":"https:\/\/www.commandstrategy.com\/fr\/#\/schema\/person\/5dbd1656e88af114296e65484885d53c"},"headline":"Private Equity et Covid-19 en Europe","datePublished":"2025-02-05T14:03:23+00:00","mainEntityOfPage":{"@id":"https:\/\/www.commandstrategy.com\/fr\/private-equity-et-covid-19-en-europe\/"},"wordCount":254,"publisher":{"@id":"https:\/\/www.commandstrategy.com\/fr\/#organization"},"image":{"@id":"https:\/\/www.commandstrategy.com\/fr\/private-equity-et-covid-19-en-europe\/#primaryimage"},"thumbnailUrl":"https:\/\/www.commandstrategy.com\/wp-content\/uploads\/2025\/02\/adobestock-329216075-e1587140052499-380x281-1.jpeg","articleSection":["Non cat\u00e9goris\u00e9"],"inLanguage":"fr-FR"},{"@type":"WebPage","@id":"https:\/\/www.commandstrategy.com\/fr\/private-equity-et-covid-19-en-europe\/","url":"https:\/\/www.commandstrategy.com\/fr\/private-equity-et-covid-19-en-europe\/","name":"Private Equity et Covid-19 en Europe","isPartOf":{"@id":"https:\/\/www.commandstrategy.com\/fr\/#website"},"primaryImageOfPage":{"@id":"https:\/\/www.commandstrategy.com\/fr\/private-equity-et-covid-19-en-europe\/#primaryimage"},"image":{"@id":"https:\/\/www.commandstrategy.com\/fr\/private-equity-et-covid-19-en-europe\/#primaryimage"},"thumbnailUrl":"https:\/\/www.commandstrategy.com\/wp-content\/uploads\/2025\/02\/adobestock-329216075-e1587140052499-380x281-1.jpeg","datePublished":"2025-02-05T14:03:23+00:00","breadcrumb":{"@id":"https:\/\/www.commandstrategy.com\/fr\/private-equity-et-covid-19-en-europe\/#breadcrumb"},"inLanguage":"fr-FR","potentialAction":[{"@type":"ReadAction","target":["https:\/\/www.commandstrategy.com\/fr\/private-equity-et-covid-19-en-europe\/"]}]},{"@type":"ImageObject","inLanguage":"fr-FR","@id":"https:\/\/www.commandstrategy.com\/fr\/private-equity-et-covid-19-en-europe\/#primaryimage","url":"https:\/\/www.commandstrategy.com\/wp-content\/uploads\/2025\/02\/adobestock-329216075-e1587140052499-380x281-1.jpeg","contentUrl":"https:\/\/www.commandstrategy.com\/wp-content\/uploads\/2025\/02\/adobestock-329216075-e1587140052499-380x281-1.jpeg","width":380,"height":281},{"@type":"BreadcrumbList","@id":"https:\/\/www.commandstrategy.com\/fr\/private-equity-et-covid-19-en-europe\/#breadcrumb","itemListElement":[{"@type":"ListItem","position":1,"name":"Accueil","item":"https:\/\/www.commandstrategy.com\/fr\/"},{"@type":"ListItem","position":2,"name":"Private Equity et Covid-19 en Europe"}]},{"@type":"WebSite","@id":"https:\/\/www.commandstrategy.com\/fr\/#website","url":"https:\/\/www.commandstrategy.com\/fr\/","name":"Command Strategy","description":"","publisher":{"@id":"https:\/\/www.commandstrategy.com\/fr\/#organization"},"potentialAction":[{"@type":"SearchAction","target":{"@type":"EntryPoint","urlTemplate":"https:\/\/www.commandstrategy.com\/fr\/?s={search_term_string}"},"query-input":{"@type":"PropertyValueSpecification","valueRequired":true,"valueName":"search_term_string"}}],"inLanguage":"fr-FR"},{"@type":"Organization","@id":"https:\/\/www.commandstrategy.com\/fr\/#organization","name":"Command Strategy","url":"https:\/\/www.commandstrategy.com\/fr\/","logo":{"@type":"ImageObject","inLanguage":"fr-FR","@id":"https:\/\/www.commandstrategy.com\/fr\/#\/schema\/logo\/image\/","url":"https:\/\/www.commandstrategy.com\/wp-content\/uploads\/2023\/10\/LogoCommandStrategy_Orange-1.jpg","contentUrl":"https:\/\/www.commandstrategy.com\/wp-content\/uploads\/2023\/10\/LogoCommandStrategy_Orange-1.jpg","width":964,"height":458,"caption":"Command Strategy"},"image":{"@id":"https:\/\/www.commandstrategy.com\/fr\/#\/schema\/logo\/image\/"}},{"@type":"Person","@id":"https:\/\/www.commandstrategy.com\/fr\/#\/schema\/person\/5dbd1656e88af114296e65484885d53c","name":"Tidia YETTOU","image":{"@type":"ImageObject","inLanguage":"fr-FR","@id":"https:\/\/www.commandstrategy.com\/fr\/#\/schema\/person\/image\/","url":"https:\/\/secure.gravatar.com\/avatar\/1a7b17ef3b6192517a63690214027f59e57ed1b540e3b225cbd1dc2e86dcca12?s=96&d=mm&r=g","contentUrl":"https:\/\/secure.gravatar.com\/avatar\/1a7b17ef3b6192517a63690214027f59e57ed1b540e3b225cbd1dc2e86dcca12?s=96&d=mm&r=g","caption":"Tidia YETTOU"},"url":"https:\/\/www.commandstrategy.com\/fr\/author\/cmds\/"}]}},"rttpg_featured_image_url":{"full":["https:\/\/www.commandstrategy.com\/wp-content\/uploads\/2025\/02\/adobestock-329216075-e1587140052499-380x281-1.jpeg",380,281,false],"landscape":["https:\/\/www.commandstrategy.com\/wp-content\/uploads\/2025\/02\/adobestock-329216075-e1587140052499-380x281-1.jpeg",380,281,false],"portraits":["https:\/\/www.commandstrategy.com\/wp-content\/uploads\/2025\/02\/adobestock-329216075-e1587140052499-380x281-1.jpeg",380,281,false],"thumbnail":["https:\/\/www.commandstrategy.com\/wp-content\/uploads\/2025\/02\/adobestock-329216075-e1587140052499-380x281-1-150x150.jpeg",150,150,true],"medium":["https:\/\/www.commandstrategy.com\/wp-content\/uploads\/2025\/02\/adobestock-329216075-e1587140052499-380x281-1-300x281.jpeg",300,281,true],"large":["https:\/\/www.commandstrategy.com\/wp-content\/uploads\/2025\/02\/adobestock-329216075-e1587140052499-380x281-1.jpeg",380,281,false],"1536x1536":["https:\/\/www.commandstrategy.com\/wp-content\/uploads\/2025\/02\/adobestock-329216075-e1587140052499-380x281-1.jpeg",380,281,false],"2048x2048":["https:\/\/www.commandstrategy.com\/wp-content\/uploads\/2025\/02\/adobestock-329216075-e1587140052499-380x281-1.jpeg",380,281,false],"post-thumbnail":["https:\/\/www.commandstrategy.com\/wp-content\/uploads\/2025\/02\/adobestock-329216075-e1587140052499-380x281-1-80x75.jpeg",80,75,true],"werkstatt-square":["https:\/\/www.commandstrategy.com\/wp-content\/uploads\/2025\/02\/adobestock-329216075-e1587140052499-380x281-1-160x150.jpeg",160,150,true],"werkstatt-slider":["https:\/\/www.commandstrategy.com\/wp-content\/uploads\/2025\/02\/adobestock-329216075-e1587140052499-380x281-1.jpeg",380,281,false],"werkstatt-blog":["https:\/\/www.commandstrategy.com\/wp-content\/uploads\/2025\/02\/adobestock-329216075-e1587140052499-380x281-1-320x200.jpeg",320,200,true],"werkstatt-bloglarge":["https:\/\/www.commandstrategy.com\/wp-content\/uploads\/2025\/02\/adobestock-329216075-e1587140052499-380x281-1.jpeg",380,281,false],"werkstatt-masonry":["https:\/\/www.commandstrategy.com\/wp-content\/uploads\/2025\/02\/adobestock-329216075-e1587140052499-380x281-1.jpeg",380,281,false],"werkstatt-squarelarge":["https:\/\/www.commandstrategy.com\/wp-content\/uploads\/2025\/02\/adobestock-329216075-e1587140052499-380x281-1.jpeg",380,281,false],"werkstatt-rectangle":["https:\/\/www.commandstrategy.com\/wp-content\/uploads\/2025\/02\/adobestock-329216075-e1587140052499-380x281-1-320x240.jpeg",320,240,true],"werkstatt-tall":["https:\/\/www.commandstrategy.com\/wp-content\/uploads\/2025\/02\/adobestock-329216075-e1587140052499-380x281-1.jpeg",380,281,false],"werkstatt-wide":["https:\/\/www.commandstrategy.com\/wp-content\/uploads\/2025\/02\/adobestock-329216075-e1587140052499-380x281-1.jpeg",380,281,false],"werkstatt-square-small":["https:\/\/www.commandstrategy.com\/wp-content\/uploads\/2025\/02\/adobestock-329216075-e1587140052499-380x281-1-80x281.jpeg",80,281,true],"werkstatt-square-2x":["https:\/\/www.commandstrategy.com\/wp-content\/uploads\/2025\/02\/adobestock-329216075-e1587140052499-380x281-1-320x281.jpeg",320,281,true],"werkstatt-square-3x":["https:\/\/www.commandstrategy.com\/wp-content\/uploads\/2025\/02\/adobestock-329216075-e1587140052499-380x281-1.jpeg",380,281,false],"werkstatt-square-mini":["https:\/\/www.commandstrategy.com\/wp-content\/uploads\/2025\/02\/adobestock-329216075-e1587140052499-380x281-1-20x18.jpeg",20,18,true],"werkstatt-slider-small":["https:\/\/www.commandstrategy.com\/wp-content\/uploads\/2025\/02\/adobestock-329216075-e1587140052499-380x281-1.jpeg",380,281,false],"werkstatt-slider-2x":["https:\/\/www.commandstrategy.com\/wp-content\/uploads\/2025\/02\/adobestock-329216075-e1587140052499-380x281-1.jpeg",380,281,false],"werkstatt-slider-mini":["https:\/\/www.commandstrategy.com\/wp-content\/uploads\/2025\/02\/adobestock-329216075-e1587140052499-380x281-1-20x11.jpeg",20,11,true],"werkstatt-blog-small":["https:\/\/www.commandstrategy.com\/wp-content\/uploads\/2025\/02\/adobestock-329216075-e1587140052499-380x281-1-160x281.jpeg",160,281,true],"werkstatt-blog-2x":["https:\/\/www.commandstrategy.com\/wp-content\/uploads\/2025\/02\/adobestock-329216075-e1587140052499-380x281-1.jpeg",380,281,false],"werkstatt-blog-mini":["https:\/\/www.commandstrategy.com\/wp-content\/uploads\/2025\/02\/adobestock-329216075-e1587140052499-380x281-1-20x12.jpeg",20,12,true],"werkstatt-bloglarge-small":["https:\/\/www.commandstrategy.com\/wp-content\/uploads\/2025\/02\/adobestock-329216075-e1587140052499-380x281-1-320x281.jpeg",320,281,true],"werkstatt-bloglarge-2x":["https:\/\/www.commandstrategy.com\/wp-content\/uploads\/2025\/02\/adobestock-329216075-e1587140052499-380x281-1.jpeg",380,281,false],"werkstatt-bloglarge-mini":["https:\/\/www.commandstrategy.com\/wp-content\/uploads\/2025\/02\/adobestock-329216075-e1587140052499-380x281-1-20x10.jpeg",20,10,true],"werkstatt-masonry-small":["https:\/\/www.commandstrategy.com\/wp-content\/uploads\/2025\/02\/adobestock-329216075-e1587140052499-380x281-1-320x237.jpeg",320,237,true],"werkstatt-masonry-2x":["https:\/\/www.commandstrategy.com\/wp-content\/uploads\/2025\/02\/adobestock-329216075-e1587140052499-380x281-1.jpeg",380,281,false],"werkstatt-masonry-3x":["https:\/\/www.commandstrategy.com\/wp-content\/uploads\/2025\/02\/adobestock-329216075-e1587140052499-380x281-1.jpeg",380,281,false],"werkstatt-masonry-mini":["https:\/\/www.commandstrategy.com\/wp-content\/uploads\/2025\/02\/adobestock-329216075-e1587140052499-380x281-1-20x15.jpeg",20,15,true],"werkstatt-squarelarge-small":["https:\/\/www.commandstrategy.com\/wp-content\/uploads\/2025\/02\/adobestock-329216075-e1587140052499-380x281-1-190x281.jpeg",190,281,true],"werkstatt-squarelarge-2x":["https:\/\/www.commandstrategy.com\/wp-content\/uploads\/2025\/02\/adobestock-329216075-e1587140052499-380x281-1.jpeg",380,281,false],"werkstatt-squarelarge-3x":["https:\/\/www.commandstrategy.com\/wp-content\/uploads\/2025\/02\/adobestock-329216075-e1587140052499-380x281-1.jpeg",380,281,false],"werkstatt-squarelarge-mini":["https:\/\/www.commandstrategy.com\/wp-content\/uploads\/2025\/02\/adobestock-329216075-e1587140052499-380x281-1-20x18.jpeg",20,18,true],"werkstatt-rectangle-small":["https:\/\/www.commandstrategy.com\/wp-content\/uploads\/2025\/02\/adobestock-329216075-e1587140052499-380x281-1-160x281.jpeg",160,281,true],"werkstatt-rectangle-2x":["https:\/\/www.commandstrategy.com\/wp-content\/uploads\/2025\/02\/adobestock-329216075-e1587140052499-380x281-1.jpeg",380,281,false],"werkstatt-rectangle-3x":["https:\/\/www.commandstrategy.com\/wp-content\/uploads\/2025\/02\/adobestock-329216075-e1587140052499-380x281-1.jpeg",380,281,false],"werkstatt-rectangle-mini":["https:\/\/www.commandstrategy.com\/wp-content\/uploads\/2025\/02\/adobestock-329216075-e1587140052499-380x281-1-20x15.jpeg",20,15,true],"werkstatt-tall-small":["https:\/\/www.commandstrategy.com\/wp-content\/uploads\/2025\/02\/adobestock-329216075-e1587140052499-380x281-1-190x281.jpeg",190,281,true],"werkstatt-tall-2x":["https:\/\/www.commandstrategy.com\/wp-content\/uploads\/2025\/02\/adobestock-329216075-e1587140052499-380x281-1.jpeg",380,281,false],"werkstatt-tall-3x":["https:\/\/www.commandstrategy.com\/wp-content\/uploads\/2025\/02\/adobestock-329216075-e1587140052499-380x281-1.jpeg",380,281,false],"werkstatt-tall-mini":["https:\/\/www.commandstrategy.com\/wp-content\/uploads\/2025\/02\/adobestock-329216075-e1587140052499-380x281-1-20x36.jpeg",20,36,true],"werkstatt-wide-small":["https:\/\/www.commandstrategy.com\/wp-content\/uploads\/2025\/02\/adobestock-329216075-e1587140052499-380x281-1.jpeg",380,281,false],"werkstatt-wide-2x":["https:\/\/www.commandstrategy.com\/wp-content\/uploads\/2025\/02\/adobestock-329216075-e1587140052499-380x281-1.jpeg",380,281,false],"werkstatt-wide-3x":["https:\/\/www.commandstrategy.com\/wp-content\/uploads\/2025\/02\/adobestock-329216075-e1587140052499-380x281-1.jpeg",380,281,false],"werkstatt-wide-mini":["https:\/\/www.commandstrategy.com\/wp-content\/uploads\/2025\/02\/adobestock-329216075-e1587140052499-380x281-1-20x9.jpeg",20,9,true],"psacp-medium":["https:\/\/www.commandstrategy.com\/wp-content\/uploads\/2025\/02\/adobestock-329216075-e1587140052499-380x281-1.jpeg",380,281,false]},"rttpg_author":{"display_name":"Tidia YETTOU","author_link":"https:\/\/www.commandstrategy.com\/fr\/author\/cmds\/"},"rttpg_comment":0,"rttpg_category":"<a href=\"https:\/\/www.commandstrategy.com\/en\/.\/non-categorise\/\" rel=\"category tag\">Non cat\u00e9goris\u00e9<\/a>","rttpg_excerpt":"[vc_row thb_column_padding=\u00a0\u00bbtrue\u00a0\u00bb thb_divider_position=\u00a0\u00bbbottom\u00a0\u00bb css=\u00a0\u00bb.vc_custom_1738156138811{margin-top: 0% !important;margin-bottom: 0% !important;border-top-width: 0% !important;border-bottom-width: 0% !important;padding-top: 0% !important;padding-bottom: 0% !important;}\u00a0\u00bb][vc_column css=\u00a0\u00bb.vc_custom_1738158304777{margin-bottom: 0% !important;border-bottom-width: 0% !important;padding-bottom: 0% !important;}\u00a0\u00bb][vc_column_text css=\u00a0\u00bb.vc_custom_1738763555879{margin-top: 0%&hellip;","_links":{"self":[{"href":"https:\/\/www.commandstrategy.com\/fr\/wp-json\/wp\/v2\/posts\/3673","targetHints":{"allow":["GET"]}}],"collection":[{"href":"https:\/\/www.commandstrategy.com\/fr\/wp-json\/wp\/v2\/posts"}],"about":[{"href":"https:\/\/www.commandstrategy.com\/fr\/wp-json\/wp\/v2\/types\/post"}],"author":[{"embeddable":true,"href":"https:\/\/www.commandstrategy.com\/fr\/wp-json\/wp\/v2\/users\/2"}],"replies":[{"embeddable":true,"href":"https:\/\/www.commandstrategy.com\/fr\/wp-json\/wp\/v2\/comments?post=3673"}],"version-history":[{"count":5,"href":"https:\/\/www.commandstrategy.com\/fr\/wp-json\/wp\/v2\/posts\/3673\/revisions"}],"predecessor-version":[{"id":7013,"href":"https:\/\/www.commandstrategy.com\/fr\/wp-json\/wp\/v2\/posts\/3673\/revisions\/7013"}],"wp:featuredmedia":[{"embeddable":true,"href":"https:\/\/www.commandstrategy.com\/fr\/wp-json\/wp\/v2\/media\/3674"}],"wp:attachment":[{"href":"https:\/\/www.commandstrategy.com\/fr\/wp-json\/wp\/v2\/media?parent=3673"}],"wp:term":[{"taxonomy":"category","embeddable":true,"href":"https:\/\/www.commandstrategy.com\/fr\/wp-json\/wp\/v2\/categories?post=3673"},{"taxonomy":"post_tag","embeddable":true,"href":"https:\/\/www.commandstrategy.com\/fr\/wp-json\/wp\/v2\/tags?post=3673"}],"curies":[{"name":"wp","href":"https:\/\/api.w.org\/{rel}","templated":true}]}}